{"id":120891,"date":"2023-06-15T11:13:05","date_gmt":"2023-06-15T11:13:05","guid":{"rendered":"https:\/\/usados.amconfraria.com\/?p=120891"},"modified":"2023-10-13T08:41:18","modified_gmt":"2023-10-13T08:41:18","slug":"ar-condicionado","status":"publish","type":"post","link":"https:\/\/usados.amconfraria.com\/ar-condicionado\/","title":{"rendered":"Ar Condicionado: Principais Sintomas e Dicas de Manuten\u00e7\u00e3o"},"content":{"rendered":"<h2><strong>Manuten\u00e7\u00e3o do Ar Condicionado <\/strong><\/h2>\n<p>O ar condicionado tornou-se um elemento fulcral num carro ao longo de todas as esta\u00e7\u00f5es.<\/p>\n<p>No entanto, n\u00e3o estando em bom funcionamento, tem os seus riscos intr\u00ednsecos que podem ser extremamente prejudiciais para a nossa sa\u00fade. \u00c9 neste seguimento que a AutoMec\u00e2nica da Confraria apresenta a import\u00e2ncia de uma manuten\u00e7\u00e3o equilibrada e preventiva.<\/p>\n<h2><strong>Principais sintomas de um ar condicionado sem manuten\u00e7\u00e3o?<\/strong><\/h2>\n<p>Para al\u00e9m de ser perigoso e nocivo para a sa\u00fade, seguem alguns sintomas associados a um sistema de ar condicionado sem manuten\u00e7\u00e3o:<\/p>\n<ul>\n<li>Origina odores desagrad\u00e1veis dentro do autom\u00f3vel;<\/li>\n<li>Ru\u00eddos ao ligar o ar condicionado;<\/li>\n<li>Cria bloqueios ao fluxo de ar;<\/li>\n<li>Origina tens\u00f5es na correia de transmiss\u00e3o do sistema;<\/li>\n<li>Leva a uma acumula\u00e7\u00e3o de bact\u00e9rias e fungos;<\/li>\n<li>Provoca uma contamina\u00e7\u00e3o geral do ve\u00edculo;<\/li>\n<li>Reduz a efic\u00e1cia da refrigera\u00e7\u00e3o e desembaciamento.<\/li>\n<\/ul>\n<h2><strong>A import\u00e2ncia da manuten\u00e7\u00e3o do ar condicionado para a nossa sa\u00fade<\/strong><\/h2>\n<p>Se o sistema de ar condicionado n\u00e3o estiver devidamente higienizado e n\u00e3o apresentar a manuten\u00e7\u00e3o necess\u00e1ria, a sua sa\u00fade pode estar a ser prejudicada atrav\u00e9s da acumula\u00e7\u00e3o fungos, bact\u00e9rias e \u00e1caros.<\/p>\n<p>A exist\u00eancia destes microrganismos podem originar uma s\u00e9rie de infe\u00e7\u00f5es, tais como: septicemia, infe\u00e7\u00f5es de pele, peritonite ou at\u00e9 meningite.<\/p>\n<p>Sabia que deve recarregar o ar condicionado de 2 em 2 anos? O nosso t\u00e9cnico de mec\u00e2nica explica-lhe a import\u00e2ncia desta manuten\u00e7\u00e3o, <a href=\"https:\/\/youtu.be\/yEk2nlauTjs\">clique aqui<\/a>.<\/p>\n<p>Neste sentido, para que o seu carro se mantenha intacto e com o ar condicionado em bom funcionamento, aconselhamos a entrar em contacto com a nossa equipa constitu\u00edda por mec\u00e2nicos qualificados e aptos para deixar o seu carro devidamente higienizado e em bom funcionamento para o seu quotidiano.<\/p>\n<p>Agende a sua marca\u00e7\u00e3o na AutoMec\u00e2nica da Confraria!<\/p>\n","protected":false},"excerpt":{"rendered":"<p>Manuten\u00e7\u00e3o do Ar Condicionado O ar condicionado tornou-se um elemento fulcral num carro ao longo de todas as esta\u00e7\u00f5es. No entanto, n\u00e3o estando em bom funcionamento, tem os seus riscos intr\u00ednsecos que podem ser extremamente prejudiciais para a nossa sa\u00fade. \u00c9 neste seguimento que a AutoMec\u00e2nica da Confraria apresenta a import\u00e2ncia de uma manuten\u00e7\u00e3o equilibrada&#8230;<\/p>\n","protected":false},"author":42,"featured_media":120926,"comment_status":"closed","ping_status":"closed","sticky":false,"template":"","format":"standard","meta":{"footnotes":""},"categories":[953],"tags":[],"_links":{"self":[{"href":"https:\/\/usados.amconfraria.com\/api\/wp\/v2\/posts\/120891"}],"collection":[{"href":"https:\/\/usados.amconfraria.com\/api\/wp\/v2\/posts"}],"about":[{"href":"https:\/\/usados.amconfraria.com\/api\/wp\/v2\/types\/post"}],"author":[{"embeddable":true,"href":"https:\/\/usados.amconfraria.com\/api\/wp\/v2\/users\/42"}],"replies":[{"embeddable":true,"href":"https:\/\/usados.amconfraria.com\/api\/wp\/v2\/comments?post=120891"}],"version-history":[{"count":1,"href":"https:\/\/usados.amconfraria.com\/api\/wp\/v2\/posts\/120891\/revisions"}],"predecessor-version":[{"id":120931,"href":"https:\/\/usados.amconfraria.com\/api\/wp\/v2\/posts\/120891\/revisions\/120931"}],"wp:featuredmedia":[{"embeddable":true,"href":"https:\/\/usados.amconfraria.com\/api\/wp\/v2\/media\/120926"}],"wp:attachment":[{"href":"https:\/\/usados.amconfraria.com\/api\/wp\/v2\/media?parent=120891"}],"wp:term":[{"taxonomy":"category","embeddable":true,"href":"https:\/\/usados.amconfraria.com\/api\/wp\/v2\/categories?post=120891"},{"taxonomy":"post_tag","embeddable":true,"href":"https:\/\/usados.amconfraria.com\/api\/wp\/v2\/tags?post=120891"}],"curies":[{"name":"wp","href":"https:\/\/api.w.org\/{rel}","templated":true}]}}