{"id":122501,"date":"2023-07-10T15:52:16","date_gmt":"2023-07-10T15:52:16","guid":{"rendered":"https:\/\/usados.amconfraria.com\/?p=122501"},"modified":"2023-10-13T08:41:11","modified_gmt":"2023-10-13T08:41:11","slug":"distico-seguro-automovel","status":"publish","type":"post","link":"https:\/\/usados.amconfraria.com\/distico-seguro-automovel\/","title":{"rendered":"D\u00edstico do seguro autom\u00f3vel deixa de ser obrigat\u00f3rio no para-brisas"},"content":{"rendered":"\n<p>A\npartir desta ter\u00e7a-feira vai deixar de ser obrigat\u00f3rio circular com d\u00edstico do\nseguro vis\u00edvel no vidro do seu ve\u00edculo. <\/p>\n\n\n\n<p>&#8220;A presente lei\nelimina a obriga\u00e7\u00e3o de afixa\u00e7\u00e3o do d\u00edstico do seguro autom\u00f3vel e procede \u00e0 segunda\naltera\u00e7\u00e3o do Decreto-Lei n.\u00ba 291\/2007, de 21 de agosto, que institui o regime\ndo sistema de seguro obrigat\u00f3rio de responsabilidade civil autom\u00f3vel, alterado\npelo Decreto-Lei n.\u00ba 153\/2008, de 6 de agosto&#8221;, l\u00ea-se na nota publicada em\nDi\u00e1rio da Rep\u00fablica.<\/p>\n\n\n\n<p>A nova norma foi aprovada pelo Parlamento e pelo Presidente da Rep\u00fablica e entra em vigor dia 11 de julho, ter\u00e7a-feira. O parlamento aprovou esta altera\u00e7\u00e3o, redefinindo as regras de emiss\u00e3o dos documentos comprovativos do seguro, prevendo que os mesmos possam ser emitidos e disponibilizados por meio eletr\u00f3nico, substituindo o certificado do seguro em papel. <\/p>\n\n\n\n<p>No\nseguimento da presente lei, passa a ser obrigat\u00f3rio trazer no seu carro unicamente\nos documentos de identifica\u00e7\u00e3o pessoal, carta de condu\u00e7\u00e3o e documento \u00fanico\nautom\u00f3vel. <\/p>\n","protected":false},"excerpt":{"rendered":"<p>A partir desta ter\u00e7a-feira vai deixar de ser obrigat\u00f3rio circular com d\u00edstico do seguro vis\u00edvel no vidro do seu ve\u00edculo. &#8220;A presente lei elimina a obriga\u00e7\u00e3o de afixa\u00e7\u00e3o do d\u00edstico do seguro autom\u00f3vel e procede \u00e0 segunda altera\u00e7\u00e3o do Decreto-Lei n.\u00ba 291\/2007, de 21 de agosto, que institui o regime do sistema de seguro obrigat\u00f3rio&#8230;<\/p>\n","protected":false},"author":49,"featured_media":122518,"comment_status":"closed","ping_status":"closed","sticky":false,"template":"","format":"standard","meta":{"footnotes":""},"categories":[982,1],"tags":[],"_links":{"self":[{"href":"https:\/\/usados.amconfraria.com\/api\/wp\/v2\/posts\/122501"}],"collection":[{"href":"https:\/\/usados.amconfraria.com\/api\/wp\/v2\/posts"}],"about":[{"href":"https:\/\/usados.amconfraria.com\/api\/wp\/v2\/types\/post"}],"author":[{"embeddable":true,"href":"https:\/\/usados.amconfraria.com\/api\/wp\/v2\/users\/49"}],"replies":[{"embeddable":true,"href":"https:\/\/usados.amconfraria.com\/api\/wp\/v2\/comments?post=122501"}],"version-history":[{"count":1,"href":"https:\/\/usados.amconfraria.com\/api\/wp\/v2\/posts\/122501\/revisions"}],"predecessor-version":[{"id":122520,"href":"https:\/\/usados.amconfraria.com\/api\/wp\/v2\/posts\/122501\/revisions\/122520"}],"wp:featuredmedia":[{"embeddable":true,"href":"https:\/\/usados.amconfraria.com\/api\/wp\/v2\/media\/122518"}],"wp:attachment":[{"href":"https:\/\/usados.amconfraria.com\/api\/wp\/v2\/media?parent=122501"}],"wp:term":[{"taxonomy":"category","embeddable":true,"href":"https:\/\/usados.amconfraria.com\/api\/wp\/v2\/categories?post=122501"},{"taxonomy":"post_tag","embeddable":true,"href":"https:\/\/usados.amconfraria.com\/api\/wp\/v2\/tags?post=122501"}],"curies":[{"name":"wp","href":"https:\/\/api.w.org\/{rel}","templated":true}]}}