{"id":49120,"date":"2021-02-21T00:01:37","date_gmt":"2021-02-21T00:01:37","guid":{"rendered":"https:\/\/usados.amconfraria.com\/?p=49120"},"modified":"2021-08-04T09:02:47","modified_gmt":"2021-08-04T09:02:47","slug":"carros-eletricos-vantagens-e-desvantagens","status":"publish","type":"post","link":"https:\/\/usados.amconfraria.com\/carros-eletricos-vantagens-e-desvantagens\/","title":{"rendered":"Carros El\u00e9tricos &#8211; Vantagens e Desvantagens"},"content":{"rendered":"<p>[vc_row][vc_column][vc_custom_heading source=&#8221;post_title&#8221; use_theme_fonts=&#8221;yes&#8221;][vc_column_text]Numa era onde a preocupa\u00e7\u00e3o ambiental aparenta estar cada vez mais evidente, h\u00e1 solu\u00e7\u00f5es sustent\u00e1veis que v\u00e3o tentado contrariar o rumo poluente que o planeta vai seguindo.[\/vc_column_text][vc_separator color=&#8221;white&#8221;][\/vc_column][\/vc_row][vc_row content_placement=&#8221;middle&#8221;][vc_column width=&#8221;2\/3&#8243;][vc_raw_html]JTNDaWZyYW1lJTIwd2lkdGglM0QlMjI1NjAlMjIlMjBoZWlnaHQlM0QlMjI0NjAlMjIlMjBzcmMlM0QlMjJodHRwcyUzQSUyRiUyRnd3dy55b3V0dWJlLmNvbSUyRmVtYmVkJTJGckhtTVhWM0lSSjQlMjIlMjBmcmFtZWJvcmRlciUzRCUyMjAlMjIlMjBhbGxvdyUzRCUyMmFjY2VsZXJvbWV0ZXIlM0IlMjBhdXRvcGxheSUzQiUyMGNsaXBib2FyZC13cml0ZSUzQiUyMGVuY3J5cHRlZC1tZWRpYSUzQiUyMGd5cm9zY29wZSUzQiUyMHBpY3R1cmUtaW4tcGljdHVyZSUyMiUyMGFsbG93ZnVsbHNjcmVlbiUzRSUzQyUyRmlmcmFtZSUzRQ==[\/vc_raw_html][\/vc_column][vc_column width=&#8221;1\/3&#8243;][vc_separator color=&#8221;white&#8221;][vc_separator color=&#8221;white&#8221;][vc_separator color=&#8221;white&#8221;][vc_separator color=&#8221;white&#8221;][vc_separator color=&#8221;white&#8221;][vc_message message_box_color=&#8221;black&#8221; icon_fontawesome=&#8221;far fa-thumbs-up&#8221;]Siga-nos no <strong><a href=\"http:\/\/www.instagram.com\/amconfraria_\">Instagram<\/a><\/strong> e <a href=\"https:\/\/www.facebook.com\/amconfraria\"><strong>Facebook<\/strong><\/a> e fique a par das novidades diariamente.[\/vc_message][\/vc_column][\/vc_row][vc_row][vc_column][vc_separator color=&#8221;white&#8221;][vc_column_text]<\/p>\n<p>A mobilidade el\u00e9trica tem vindo a ganhar terreno na ind\u00fastria autom\u00f3vel, no entanto ainda n\u00e3o parece convencer a maioria da popula\u00e7\u00e3o.<\/p>\n<p>Hoje utilizamos como exemplo o Zoe, um dos ve\u00edculos el\u00e9tricos da Renault.[\/vc_column_text][vc_column_text]<\/p>\n<h3><strong>Desvantagens<\/strong><\/h3>\n<ol>\n<li>\n<h4><strong>S\u00e3o pesados.<\/strong><\/h4>\n<\/li>\n<\/ol>\n<p>A bateria de um carro el\u00e9trico pode rondar os 400 quilos, e a tara do Renault Zoe \u00e9 de cerca uma tonelada e meia, o que pode influenciar o desempenho e efici\u00eancia na condu\u00e7\u00e3o do ve\u00edculo.<\/p>\n<ol start=\"2\">\n<li>\n<h4><strong>Tempo de carga<\/strong><\/h4>\n<\/li>\n<\/ol>\n<p>Para quem est\u00e1 habituado a abastecer o ve\u00edculo em apenas alguns minutos, ter de esperar algumas horas para que a bateria esteja novamente carregada pode ser um inc\u00f3modo. \u00c9 que ao efetuar o carregamento em casa, s\u00e3o necess\u00e1rias cerca de oito horas para que o ve\u00edculo esteja completamente carregado. Apenas em postos de carregamento r\u00e1pido \u00e9 que o tempo total reduz para menos de metade.<\/p>\n<ol start=\"3\">\n<li>\n<h4><strong>Autonomia<\/strong><\/h4>\n<\/li>\n<\/ol>\n<p>As autonomias dos carros el\u00e9tricos tendem a ser mais baixas que a dos ve\u00edculos a combust\u00e3o, o que poder\u00e1 mostrar-se um inc\u00f3modo para quem faz viagens mais longas. No entanto, para quem faz a maioria das viagens em cidade isso poder\u00e1 n\u00e3o ser um fator decisivo.<\/p>\n<ol start=\"4\">\n<li>\n<h4><strong>Pre\u00e7o<\/strong><\/h4>\n<\/li>\n<\/ol>\n<p>Apesar dos incentivos fiscais, os carros el\u00e9tricos ainda t\u00eam um custo elevado. O pre\u00e7o de um Renault Zoe novo ronda os 28 mil euros.<\/p>\n<p>&nbsp;<\/p>\n<h3><strong>Vantagens<\/strong><\/h3>\n<ol>\n<li>\n<h4><strong>Precisa de menos manuten\u00e7\u00e3o<\/strong><\/h4>\n<\/li>\n<\/ol>\n<p>Um carro el\u00e9trico tem menos custos de manuten\u00e7\u00e3o gra\u00e7as \u00e0 aus\u00eancia de pe\u00e7as normalmente encontradas nos carros de combust\u00e3o. Assim, os ve\u00edculos el\u00e9tricos precisam apenas de manuten\u00e7\u00e3o a cada 50 mil quil\u00f3metros e, por vezes, o custo anual \u00e9 inferior a 100\u20ac, o que permite recuperar facilmente o investimento inicial da compra.<\/p>\n<ol start=\"2\">\n<li>\n<h4><strong>Menor custo por quil\u00f3metro<\/strong><\/h4>\n<\/li>\n<\/ol>\n<p>O custo da energia el\u00e9trica corresponde a um ter\u00e7o do valor do combust\u00edvel dos ve\u00edculos de combust\u00e3o interna. Para percorrer 100 km, o custo m\u00e9dio do carregamento de um carro el\u00e9trico numa tomada dom\u00e9stica \u00e9 de apenas 2,5 euros.<\/p>\n<ol start=\"3\">\n<li>\n<h4><strong>Zero emiss\u00f5es de gases<\/strong><\/h4>\n<\/li>\n<\/ol>\n<p>Apesar de os gases emitidos durante a produ\u00e7\u00e3o de carros el\u00e9tricos, este \u00e9 a \u00fanica solu\u00e7\u00e3o que emite 0 gases efeitos de estufa ou emiss\u00f5es poluentes, o que acaba por ser muito mais ecol\u00f3gico do que os comuns ve\u00edculos de combust\u00e3o.<\/p>\n<ol start=\"4\">\n<li>\n<h4><strong>Condu\u00e7\u00e3o mais agrad\u00e1vel<\/strong><\/h4>\n<\/li>\n<\/ol>\n<p>O facto de os carros el\u00e9tricos n\u00e3o possu\u00edrem pedal de embraiagem e caixa de velocidades faz com que estes sejam agrad\u00e1veis de conduzir, uma vez que, independentemente do tipo de condu\u00e7\u00e3o que seja feita, n\u00e3o \u00e9 necess\u00e1rio controlar a caixa de velocidades. Al\u00e9m disso, a acelera\u00e7\u00e3o \u00e9 constante.<\/p>\n<ol start=\"5\">\n<li>\n<h4><strong>Travagem regenerativa<\/strong><\/h4>\n<\/li>\n<\/ol>\n<p>A travagem regenerativa utiliza os motores el\u00e9tricos como gerador durante a travagem do ve\u00edculo. Assim, faz com que a sa\u00edda produzida seja convertida e reutilizada para recarregar as baterias.<\/p>\n<ol start=\"6\">\n<li>\n<h4><strong>Incentivos fiscais<\/strong><\/h4>\n<\/li>\n<\/ol>\n<p>Atualmente, os carros el\u00e9tricos beneficiam de alguns incentivos como a aus\u00eancia do Imposto \u00danico de Circula\u00e7\u00e3o, Imposto Sobre Ve\u00edculos e a comparticipa\u00e7\u00e3o de cerca de tr\u00eas mil euros na compra de um ve\u00edculo el\u00e9trico n\u00e3o matriculado para pessoas singulares<\/p>\n<ol start=\"7\">\n<li>\n<h4><strong>Condu\u00e7\u00e3o silenciosa<\/strong><\/h4>\n<\/li>\n<\/ol>\n<p>A aus\u00eancia de v\u00e1rias pe\u00e7as no motor, do ru\u00eddo da combust\u00e3o e do escape de gases faz com que a desloca\u00e7\u00e3o do ve\u00edculo seja mais suave e silenciosa, melhorando substancialmente a experi\u00eancia de condu\u00e7\u00e3o.<\/p>\n<p>&nbsp;<\/p>\n<h3><strong>Eis o que deve saber sobre o Novo Renault Zoe<\/strong><\/h3>\n<ol>\n<li>\n<h4><strong>Relativamente ao peso<br \/>\n<\/strong><\/h4>\n<p>O novo Renault Zoe disp\u00f5e de uma maior pot\u00eancia relativamento ao modelo anterior, atenuando de forma evidente o peso da bateria.<\/li>\n<li>\n<h4><strong>Tempo de carga e Autonomia<br \/>\n<\/strong><\/h4>\n<p>Agora \u00e9 poss\u00edvel carregar 80% da capacidade em apenas 30 minutos (o tempo de um caf\u00e9). Para al\u00e9m disso, disp\u00f5e de mais de 4500 postos de carregamento por todo o territ\u00f3rio nacional, podendo aproveitar as pequenas pausas para recuperar a autonomia do seu Zoe. No entanto, o Renault Zoe j\u00e1 oferece uma autonomia de cerca de 558km em ciclo urbano e 395km em ciclo combinado!<\/li>\n<li>\n<h4><strong>Um modelo ainda mais sustent\u00e1vel<br \/>\n<\/strong><\/h4>\n<p>Os interiores do novo Renault Zoe s\u00e3o feitos de material reciclado, tornando-o ainda mais amigo do meio ambiente.<\/li>\n<\/ol>\n<p>[\/vc_column_text][vc_separator color=&#8221;white&#8221;][\/vc_column][\/vc_row][vc_row][vc_column][vc_progress_bar values=&#8221;%5B%7B%22label%22%3A%22Pot%C3%AAncia%20-%20130cv%22%2C%22value%22%3A%22130%20CV%22%7D%2C%7B%22label%22%3A%22Velocidade%20M%C3%A1xima%20-%20135km%2Fh%22%2C%22value%22%3A%22135%22%7D%2C%7B%22label%22%3A%22Bin%C3%A1rio%20-%20245nm%22%2C%22value%22%3A%22245%22%7D%2C%7B%22label%22%3A%22CO2%20-%200g%2Fkm%22%2C%22value%22%3A%220%2C5%22%7D%5D&#8221; bgcolor=&#8221;custom&#8221; options=&#8221;striped,animated&#8221; custombgcolor=&#8221;#ffcc08&#8243;][vc_separator color=&#8221;white&#8221;][vc_btn title=&#8221;Ver Modelos em Stock&#8221; style=&#8221;flat&#8221; color=&#8221;black&#8221; align=&#8221;center&#8221; link=&#8221;url:https%3A%2F%2Fusados.amconfraria.com%2Fautomoveis%2F%3Fmake%3Drenault%26serie%3Dzoe%26min_preco%3D%26max_preco%3D%26min_ca-year%3D%26max_ca-year%3D%26min_mileage%3D%26max_mileage%3D%26fuel%3D%26transmission%3D|||&#8221;][vc_separator color=&#8221;white&#8221;][vc_separator color=&#8221;white&#8221;][stm_contact_form form=&#8221;49658&#8243; title=&#8221;Novo Renault Zoe &#8211; Mais Informa\u00e7\u00f5es&#8221;][\/vc_column][\/vc_row]<\/p>\n","protected":false},"excerpt":{"rendered":"<p>Numa era onde a preocupa\u00e7\u00e3o ambiental aparenta estar cada vez mais evidente, h\u00e1 solu\u00e7\u00f5es sustent\u00e1veis que v\u00e3o tentado contrariar o rumo poluente que o planeta vai seguindo.<\/p>\n","protected":false},"author":5,"featured_media":49664,"comment_status":"closed","ping_status":"closed","sticky":false,"template":"","format":"standard","meta":{"footnotes":""},"categories":[982,926],"tags":[],"_links":{"self":[{"href":"https:\/\/usados.amconfraria.com\/api\/wp\/v2\/posts\/49120"}],"collection":[{"href":"https:\/\/usados.amconfraria.com\/api\/wp\/v2\/posts"}],"about":[{"href":"https:\/\/usados.amconfraria.com\/api\/wp\/v2\/types\/post"}],"author":[{"embeddable":true,"href":"https:\/\/usados.amconfraria.com\/api\/wp\/v2\/users\/5"}],"replies":[{"embeddable":true,"href":"https:\/\/usados.amconfraria.com\/api\/wp\/v2\/comments?post=49120"}],"version-history":[{"count":2,"href":"https:\/\/usados.amconfraria.com\/api\/wp\/v2\/posts\/49120\/revisions"}],"predecessor-version":[{"id":49663,"href":"https:\/\/usados.amconfraria.com\/api\/wp\/v2\/posts\/49120\/revisions\/49663"}],"wp:featuredmedia":[{"embeddable":true,"href":"https:\/\/usados.amconfraria.com\/api\/wp\/v2\/media\/49664"}],"wp:attachment":[{"href":"https:\/\/usados.amconfraria.com\/api\/wp\/v2\/media?parent=49120"}],"wp:term":[{"taxonomy":"category","embeddable":true,"href":"https:\/\/usados.amconfraria.com\/api\/wp\/v2\/categories?post=49120"},{"taxonomy":"post_tag","embeddable":true,"href":"https:\/\/usados.amconfraria.com\/api\/wp\/v2\/tags?post=49120"}],"curies":[{"name":"wp","href":"https:\/\/api.w.org\/{rel}","templated":true}]}}