{"id":55151,"date":"2021-05-04T00:00:58","date_gmt":"2021-05-04T00:00:58","guid":{"rendered":"https:\/\/usados.amconfraria.com\/?p=55151"},"modified":"2022-06-15T15:58:34","modified_gmt":"2022-06-15T15:58:34","slug":"higienizacao-do-filtro-de-habitaculo","status":"publish","type":"post","link":"https:\/\/usados.amconfraria.com\/higienizacao-do-filtro-de-habitaculo\/","title":{"rendered":"Filtro de habit\u00e1culo |  Conduzir com alergias"},"content":{"rendered":"<p>[vc_row][vc_column][stm_post_title][vc_separator color=&#8221;custom&#8221; border_width=&#8221;10&#8243; accent_color=&#8221;#ffffff&#8221;][\/vc_column][\/vc_row][vc_row][vc_column width=&#8221;1\/2&#8243;][vc_column_text]A Primavera \u00e9 a esta\u00e7\u00e3o mais temida para quem sofre de alergias, sendo a \u00e9poca com maior quantidade de p\u00f3len libertado. Mas se acha que as alergias apenas surgem quando est\u00e1 no exterior, engane-se. Sabia que o ar que respira no interior de um ve\u00edculo pode ser at\u00e9 seis vezes mais contaminado do que o ar no exterior? \u00c9 por isso que deve procurar minimizar os efeitos sentidos atrav\u00e9s da pr\u00e1tica de v\u00e1rias medidas ao longo do ano, sendo o mais importante <strong>a troca do filtro de habit\u00e1culo e a higieniza\u00e7\u00e3o deste compartimento<\/strong>.[\/vc_column_text][\/vc_column][vc_column width=&#8221;1\/2&#8243;][vc_single_image image=&#8221;55159&#8243; img_size=&#8221;large&#8221;][\/vc_column][\/vc_row][vc_row][vc_column][vc_column_text]Ter o filtro de habit\u00e1culo higienizado com a frequ\u00eancia correta permite manter o ar do habit\u00e1culo o mais fresco, puro e limpo poss\u00edvel. A falta de manuten\u00e7\u00e3o deste filtro faz com que se criem condi\u00e7\u00f5es propensas ao <strong>desenvolvimento de bact\u00e9rias, que para al\u00e9m de provocar odores desagrad\u00e1veis levam ao surgimento de alergias.<\/strong> Mas as consequ\u00eancias n\u00e3o se ficam por aqui. Com o passar do tempo, o filtro do habit\u00e1culo pode ficar obstru\u00eddo devido \u00e0 exist\u00eancia de microorganismos e bact\u00e9rias, o que leva a uma ventila\u00e7\u00e3o insuficiente no interior da viatura e, por consequ\u00eancia, a um maior embaciamento e n\u00edvel de humidade no p\u00e1ra-brisas.\u00a0Este filtro deve ser, por norma, substitu\u00eddo durante a revis\u00e3o anual.[\/vc_column_text][vc_column_text]Al\u00e9m da troca do filtro de habit\u00e1culo, atualmente existe a possibilidade de <strong>higieniza\u00e7\u00e3o do habit\u00e1culo com recurso \u00e0 Tecnologia do Ozono<\/strong>. Esta solu\u00e7\u00e3o permite transformar o oxig\u00e9nio existente no habit\u00e1culo dos ve\u00edculos em ozono, de forma a eliminar bact\u00e9rias, \u00e1caros, v\u00edrus e micr\u00f3bios e garantindo a sua seguran\u00e7a e a dos restantes ocupantes.<\/p>\n<p>Consulte as nossas Campanhas em vigor clicando <a href=\"https:\/\/amconfraria.com\/campanhas\/\"><em><strong>aqui<\/strong><\/em><\/a>[\/vc_column_text][\/vc_column][\/vc_row][vc_row css=&#8221;.vc_custom_1655308524913{background-color: #ffffff !important;}&#8221;][vc_column][vc_separator color=&#8221;custom&#8221; border_width=&#8221;10&#8243; accent_color=&#8221;#ffffff&#8221;][vc_separator color=&#8221;custom&#8221; border_width=&#8221;10&#8243; accent_color=&#8221;#ffffff&#8221;][vc_btn title=&#8221;MARCAR OFICINA&#8221; color=&#8221;black&#8221; align=&#8221;center&#8221; i_icon_fontawesome=&#8221;fas fa-calendar-check&#8221; add_icon=&#8221;true&#8221; link=&#8221;url:https%3A%2F%2Famconfraria.com%2Foficina%2F|||&#8221;][vc_separator color=&#8221;custom&#8221; border_width=&#8221;10&#8243; accent_color=&#8221;#ffffff&#8221;][vc_separator color=&#8221;custom&#8221; border_width=&#8221;10&#8243; accent_color=&#8221;#ffffff&#8221;][vc_text_separator title=&#8221;Siga-nos nas Redes Sociais&#8221; color=&#8221;black&#8221;][\/vc_column][\/vc_row][vc_row equal_height=&#8221;yes&#8221; css=&#8221;.vc_custom_1655308541303{margin-bottom: 50px !important;background-color: #ffffff !important;background-position: center !important;background-repeat: no-repeat !important;background-size: cover !important;}&#8221;][vc_column width=&#8221;1\/4&#8243;][vc_separator color=&#8221;custom&#8221; border_width=&#8221;10&#8243; accent_color=&#8221;#ffffff&#8221;][vc_btn title=&#8221;Facebook&#8221; color=&#8221;primary&#8221; align=&#8221;center&#8221; i_icon_fontawesome=&#8221;fab fa-facebook&#8221; button_block=&#8221;true&#8221; add_icon=&#8221;true&#8221; link=&#8221;url:https%3A%2F%2Fwww.facebook.com%2Famconfraria%2F|||&#8221; css=&#8221;.vc_custom_1614361185493{margin-bottom: 100px !important;background-color: rgba(0,0,0,0.01) !important;*background-color: rgb(0,0,0) !important;}&#8221;][\/vc_column][vc_column width=&#8221;1\/4&#8243;][vc_separator color=&#8221;custom&#8221; border_width=&#8221;10&#8243; accent_color=&#8221;#ffffff&#8221;][vc_btn title=&#8221;Instagram&#8221; color=&#8221;pink&#8221; align=&#8221;center&#8221; i_icon_fontawesome=&#8221;fab fa-instagram&#8221; button_block=&#8221;true&#8221; add_icon=&#8221;true&#8221; link=&#8221;url:https%3A%2F%2Fwww.instagram.com%2Famconfraria_|||&#8221;][\/vc_column][vc_column width=&#8221;1\/4&#8243;][vc_separator color=&#8221;custom&#8221; border_width=&#8221;10&#8243; accent_color=&#8221;#ffffff&#8221;][vc_btn title=&#8221;LinkedIn&#8221; color=&#8221;sky&#8221; align=&#8221;center&#8221; i_icon_fontawesome=&#8221;fab fa-linkedin&#8221; button_block=&#8221;true&#8221; add_icon=&#8221;true&#8221; link=&#8221;url:https%3A%2F%2Fwww.linkedin.com%2Fcompany%2Famconfraria%2F|||&#8221;][\/vc_column][vc_column width=&#8221;1\/4&#8243;][vc_separator color=&#8221;custom&#8221; border_width=&#8221;10&#8243; accent_color=&#8221;#ffffff&#8221;][vc_btn title=&#8221;Youtube&#8221; color=&#8221;danger&#8221; align=&#8221;center&#8221; i_icon_fontawesome=&#8221;fab fa-facebook&#8221; button_block=&#8221;true&#8221; add_icon=&#8221;true&#8221; link=&#8221;url:https%3A%2F%2Fwww.youtube.com%2Fchannel%2FUCjJllF-kYnThB1-37UzLUmA|||&#8221;][\/vc_column][\/vc_row][vc_row full_width=&#8221;stretch_row&#8221;][vc_column width=&#8221;1\/4&#8243;][\/vc_column][vc_column width=&#8221;1\/4&#8243;][\/vc_column][vc_column width=&#8221;1\/4&#8243;][\/vc_column][vc_column width=&#8221;1\/4&#8243;][\/vc_column][\/vc_row]<\/p>\n","protected":false},"excerpt":{"rendered":"<p>[vc_row][vc_column][stm_post_title][vc_separator color=&#8221;custom&#8221; border_width=&#8221;10&#8243; accent_color=&#8221;#ffffff&#8221;][\/vc_column][\/vc_row][vc_row][vc_column width=&#8221;1\/2&#8243;][vc_column_text]A Primavera \u00e9 a esta\u00e7\u00e3o mais temida para quem sofre de alergias, sendo a \u00e9poca com maior quantidade de p\u00f3len libertado. Mas se acha que as alergias apenas surgem quando est\u00e1 no exterior, engane-se. Sabia que o ar que respira no interior de um ve\u00edculo pode ser at\u00e9 seis vezes mais&#8230;<\/p>\n","protected":false},"author":5,"featured_media":85808,"comment_status":"closed","ping_status":"closed","sticky":false,"template":"","format":"standard","meta":{"footnotes":""},"categories":[924,953],"tags":[],"_links":{"self":[{"href":"https:\/\/usados.amconfraria.com\/api\/wp\/v2\/posts\/55151"}],"collection":[{"href":"https:\/\/usados.amconfraria.com\/api\/wp\/v2\/posts"}],"about":[{"href":"https:\/\/usados.amconfraria.com\/api\/wp\/v2\/types\/post"}],"author":[{"embeddable":true,"href":"https:\/\/usados.amconfraria.com\/api\/wp\/v2\/users\/5"}],"replies":[{"embeddable":true,"href":"https:\/\/usados.amconfraria.com\/api\/wp\/v2\/comments?post=55151"}],"version-history":[{"count":2,"href":"https:\/\/usados.amconfraria.com\/api\/wp\/v2\/posts\/55151\/revisions"}],"predecessor-version":[{"id":85807,"href":"https:\/\/usados.amconfraria.com\/api\/wp\/v2\/posts\/55151\/revisions\/85807"}],"wp:featuredmedia":[{"embeddable":true,"href":"https:\/\/usados.amconfraria.com\/api\/wp\/v2\/media\/85808"}],"wp:attachment":[{"href":"https:\/\/usados.amconfraria.com\/api\/wp\/v2\/media?parent=55151"}],"wp:term":[{"taxonomy":"category","embeddable":true,"href":"https:\/\/usados.amconfraria.com\/api\/wp\/v2\/categories?post=55151"},{"taxonomy":"post_tag","embeddable":true,"href":"https:\/\/usados.amconfraria.com\/api\/wp\/v2\/tags?post=55151"}],"curies":[{"name":"wp","href":"https:\/\/api.w.org\/{rel}","templated":true}]}}