{"id":62024,"date":"2021-08-04T09:02:10","date_gmt":"2021-08-04T09:02:10","guid":{"rendered":"https:\/\/usados.amconfraria.com\/?p=62024"},"modified":"2021-08-04T09:02:10","modified_gmt":"2021-08-04T09:02:10","slug":"os-carros-mais-feios-do-mundo","status":"publish","type":"post","link":"https:\/\/usados.amconfraria.com\/os-carros-mais-feios-do-mundo\/","title":{"rendered":"Os carros mais feios do mundo"},"content":{"rendered":"<p>[vc_row][vc_column][stm_post_title][vc_column_text]A cada lan\u00e7amento, as marcas tentam sempre chegar mais longe, seja em termos de tecnologia, pot\u00eancia ou at\u00e9 mesmo design, o que gerou alguns coment\u00e1rios e nem todos positivos.<br \/>\nA lista \u00e9 extensa, mas por hoje damos-lhe a conhecer apenas 5 modelos que desafiaram as leis do design, sendo considerados dos carros mais feios do mundo.<\/p>\n<p>[\/vc_column_text][vc_single_image image=&#8221;62027&#8243; img_size=&#8221;1000&#215;600&#8243; alignment=&#8221;center&#8221;][vc_column_text]<\/p>\n<h3><strong>Stout Scarab<\/strong><\/h3>\n<p>Com uma apar\u00eancia semelhante \u00e0 de um escaravalho, este autom\u00f3vel foi considerado o primeiro carro verdadeiramente feio do mundo. Com um motor Ford V-8 na traseira, o Stout Scarab n\u00e3o levou apenas um t\u00edtulo a n\u00edvel mundial, uma vez que conquistou tamb\u00e9m o t\u00edtulo de primeiro monovolume do mundo.[\/vc_column_text][vc_single_image image=&#8221;62029&#8243; img_size=&#8221;1000&#215;600&#8243; alignment=&#8221;center&#8221;][vc_column_text]<\/p>\n<h3><strong>Allard P2 Safari<\/strong><\/h3>\n<p>Com fabrico pela Allard Motor Company, uma fabricante de baixo volume sediada em Londres, esta viatura disp\u00f5e de 8 lugares com laterais de madeira e um motor V8. Ao que parece, o design n\u00e3o deve ter conquistado muitos amantes do mundo autom\u00f3vel, valendo-lhe apenas 13 exemplares constru\u00eddos e um lugar na lista dos carros mais feios do mundo.[\/vc_column_text][vc_single_image image=&#8221;62031&#8243; img_size=&#8221;1000&#215;600&#8243; alignment=&#8221;center&#8221;][vc_column_text]<\/p>\n<h3><strong>Subaru 360<\/strong><\/h3>\n<p>\u00c9 o primeiro autom\u00f3vel da empresa Subaru, comercializado de 1958 a 1971 com a produ\u00e7\u00e3o de cerca de 392 mil exemplares. O seu tamanho diminuto \u00e9 o que lhe atribui a fama e a alcunha de &#8220;joaninha&#8221;, uma vez que este foi desenhado para dar resposta aos regulamentos do governo japon\u00eas.[\/vc_column_text][vc_single_image image=&#8221;62038&#8243; img_size=&#8221;1000&#215;600&#8243; alignment=&#8221;center&#8221;][vc_column_text]<\/p>\n<h3><strong>Citroen Ami 6<\/strong><\/h3>\n<p>Ou deveremos antes dizer &#8220;amigo&#8221; gra\u00e7as \u00e0 sua plataforma acolhedora e confort\u00e1vel? Pelo menos seria isso que a Citroen teria em mente quando criou este modelo. No entanto, com o \u00f3culo traseiro invertido para garantir mais espa\u00e7o de bagageira e o tratamento frontal ondulado, o Citroen Ami 6 passou de bestial a besta com bilhete direto para esta lista.[\/vc_column_text][vc_single_image image=&#8221;62039&#8243; img_size=&#8221;1000&#215;600&#8243; alignment=&#8221;center&#8221;][vc_column_text]<\/p>\n<h3><strong>FIAT Multipla<\/strong><\/h3>\n<p>Ganhou o t\u00edtulo de carro mais feio e bizarro da hist\u00f3ria autom\u00f3vel, n\u00e3o fosse todo o seu design semelhante a um alien\u00edgena. Com janelas amplas nas laterais, um cap\u00f4 que n\u00e3o est\u00e1 conectado ao p\u00e1ra-brisas e ainda 8 luzes na dianteira que incluem os far\u00f3is, far\u00f3is auxiliares, far\u00f3is de nevoeiro e luzes indicadoras de mudan\u00e7a de dire\u00e7\u00e3o, supomos que m\u00e1 ilumina\u00e7\u00e3o n\u00e3o exista com o FIAT Multipla.[\/vc_column_text][\/vc_column][\/vc_row][vc_row][vc_column width=&#8221;1\/2&#8243;][vc_separator color=&#8221;white&#8221;][vc_separator color=&#8221;white&#8221;][vc_column_text]<\/p>\n<h3><strong>Partilhe este artigo com um amigo:<\/strong><\/h3>\n<p>[\/vc_column_text][stm_post_meta_bottom][\/vc_column][vc_column width=&#8221;1\/2&#8243;][\/vc_column][\/vc_row][vc_row full_width=&#8221;stretch_row&#8221; css=&#8221;.vc_custom_1617017236762{background-color: #ffffff !important;}&#8221;][vc_column][vc_separator color=&#8221;custom&#8221; border_width=&#8221;10&#8243; accent_color=&#8221;#ffffff&#8221;][vc_separator color=&#8221;custom&#8221; border_width=&#8221;10&#8243; accent_color=&#8221;#ffffff&#8221;][vc_text_separator title=&#8221;Siga-nos nas Redes Sociais&#8221; color=&#8221;black&#8221;][vc_separator color=&#8221;custom&#8221; border_width=&#8221;10&#8243; accent_color=&#8221;#ffffff&#8221;][vc_separator color=&#8221;custom&#8221; border_width=&#8221;10&#8243; accent_color=&#8221;#ffffff&#8221;][\/vc_column][\/vc_row][vc_row full_width=&#8221;stretch_row&#8221; equal_height=&#8221;yes&#8221; css=&#8221;.vc_custom_1617017278961{margin-bottom: 50px !important;background-color: #ffffff !important;background-position: center !important;background-repeat: no-repeat !important;background-size: cover !important;}&#8221;][vc_column width=&#8221;1\/4&#8243;][vc_btn title=&#8221;Facebook&#8221; color=&#8221;primary&#8221; align=&#8221;center&#8221; i_icon_fontawesome=&#8221;fab fa-facebook&#8221; button_block=&#8221;true&#8221; add_icon=&#8221;true&#8221; link=&#8221;url:https%3A%2F%2Fwww.facebook.com%2Famconfraria%2F|||&#8221; css=&#8221;.vc_custom_1614361185493{margin-bottom: 100px !important;background-color: rgba(0,0,0,0.01) !important;*background-color: rgb(0,0,0) !important;}&#8221;][\/vc_column][vc_column width=&#8221;1\/4&#8243;][vc_btn title=&#8221;Instagram&#8221; color=&#8221;pink&#8221; align=&#8221;center&#8221; i_icon_fontawesome=&#8221;fab fa-instagram&#8221; button_block=&#8221;true&#8221; add_icon=&#8221;true&#8221; link=&#8221;url:https%3A%2F%2Fwww.instagram.com%2Famconfraria_|||&#8221;][\/vc_column][vc_column width=&#8221;1\/4&#8243;][vc_btn title=&#8221;LinkedIn&#8221; color=&#8221;sky&#8221; align=&#8221;center&#8221; i_icon_fontawesome=&#8221;fab fa-linkedin&#8221; button_block=&#8221;true&#8221; add_icon=&#8221;true&#8221; link=&#8221;url:https%3A%2F%2Fwww.linkedin.com%2Fcompany%2Famconfraria%2F|||&#8221;][\/vc_column][vc_column width=&#8221;1\/4&#8243;][vc_btn title=&#8221;Youtube&#8221; color=&#8221;danger&#8221; align=&#8221;center&#8221; i_icon_fontawesome=&#8221;fab fa-facebook&#8221; button_block=&#8221;true&#8221; add_icon=&#8221;true&#8221; link=&#8221;url:https%3A%2F%2Fwww.youtube.com%2Fchannel%2FUCjJllF-kYnThB1-37UzLUmA|||&#8221;][\/vc_column][\/vc_row][vc_row full_width=&#8221;stretch_row&#8221;][vc_column width=&#8221;1\/4&#8243;][\/vc_column][vc_column width=&#8221;1\/4&#8243;][\/vc_column][vc_column width=&#8221;1\/4&#8243;][\/vc_column][vc_column width=&#8221;1\/4&#8243;][\/vc_column][\/vc_row]<\/p>\n","protected":false},"excerpt":{"rendered":"<p>[vc_row][vc_column][stm_post_title][vc_column_text]A cada lan\u00e7amento, as marcas tentam sempre chegar mais longe, seja em termos de tecnologia, pot\u00eancia ou at\u00e9 mesmo design, o que gerou alguns coment\u00e1rios e nem todos positivos. A lista \u00e9 extensa, mas por hoje damos-lhe a conhecer apenas 5 modelos que desafiaram as leis do design, sendo considerados dos carros mais feios do&#8230;<\/p>\n","protected":false},"author":5,"featured_media":62062,"comment_status":"closed","ping_status":"closed","sticky":false,"template":"","format":"standard","meta":{"footnotes":""},"categories":[982],"tags":[],"_links":{"self":[{"href":"https:\/\/usados.amconfraria.com\/api\/wp\/v2\/posts\/62024"}],"collection":[{"href":"https:\/\/usados.amconfraria.com\/api\/wp\/v2\/posts"}],"about":[{"href":"https:\/\/usados.amconfraria.com\/api\/wp\/v2\/types\/post"}],"author":[{"embeddable":true,"href":"https:\/\/usados.amconfraria.com\/api\/wp\/v2\/users\/5"}],"replies":[{"embeddable":true,"href":"https:\/\/usados.amconfraria.com\/api\/wp\/v2\/comments?post=62024"}],"version-history":[{"count":1,"href":"https:\/\/usados.amconfraria.com\/api\/wp\/v2\/posts\/62024\/revisions"}],"predecessor-version":[{"id":62068,"href":"https:\/\/usados.amconfraria.com\/api\/wp\/v2\/posts\/62024\/revisions\/62068"}],"wp:featuredmedia":[{"embeddable":true,"href":"https:\/\/usados.amconfraria.com\/api\/wp\/v2\/media\/62062"}],"wp:attachment":[{"href":"https:\/\/usados.amconfraria.com\/api\/wp\/v2\/media?parent=62024"}],"wp:term":[{"taxonomy":"category","embeddable":true,"href":"https:\/\/usados.amconfraria.com\/api\/wp\/v2\/categories?post=62024"},{"taxonomy":"post_tag","embeddable":true,"href":"https:\/\/usados.amconfraria.com\/api\/wp\/v2\/tags?post=62024"}],"curies":[{"name":"wp","href":"https:\/\/api.w.org\/{rel}","templated":true}]}}