{"id":72520,"date":"2021-12-10T12:00:00","date_gmt":"2021-12-10T12:00:00","guid":{"rendered":"https:\/\/usados.amconfraria.com\/?p=72520"},"modified":"2022-01-27T16:04:48","modified_gmt":"2022-01-27T16:04:48","slug":"como-tirar-o-gelo-do-vidro-do-carro","status":"publish","type":"post","link":"https:\/\/usados.amconfraria.com\/como-tirar-o-gelo-do-vidro-do-carro\/","title":{"rendered":"COMO TIRAR O GELO DO VIDRO DO CARRO"},"content":{"rendered":"\n<p>\u274cNunca despejar \u00e1gua quente no gelo. Ao faz\u00ea-lo estar\u00e1 a criar um contraste t\u00e9rmico, aumentando a probabilidade de o vidro estalar.<\/p>\n\n\n\n<h5 class=\"wp-block-heading\">\u2705 Misturar \u00e1lcool et\u00edlico com \u00e1gua.<\/h5>\n\n\n\n<p>Num pulverizador, misture 1\/3 de \u00e1gua para 2\/3 de \u00e1lcool et\u00edlico. Mas aten\u00e7\u00e3o, evite atingir a chapa ou poder\u00e1 danificar a pintura.<\/p>\n\n\n\n<h5 class=\"wp-block-heading\">\u2705 Raspar o gelo.<\/h5>\n\n\n\n<p>\u00c9 uma solu\u00e7\u00e3o que pode ser mais demorada. Apenas precisa de uma esp\u00e1tula de pl\u00e1stico (como uma p\u00e1) ou um cart\u00e3o que j\u00e1 n\u00e3o utilize.<\/p>\n\n\n\n<h5 class=\"wp-block-heading\">\u2705 Utilizar o desembaciador el\u00e9trico ou a climatiza\u00e7\u00e3o.<\/h5>\n\n\n\n<p>\u00c9 tamb\u00e9m uma solu\u00e7\u00e3o demorada e pouco ecol\u00f3gica, uma vez que implica aguardar pelo aumento gradual da temperatura do vidro e obriga-o a ter o motor do carro a trabalhar, aumentando assim os consumos.<\/p>\n\n\n\n<h5 class=\"wp-block-heading\">\u2705 Utilizar um saco de pl\u00e1stico com \u00e1gua t\u00e9pida para derreter o gelo.<\/h5>\n\n\n\n<p>\u00c9, provavelmente, a forma mais simples e r\u00e1pida para o fazer. Basta sair de casa j\u00e1 com \u00e1gua dentro do saco e ir passando em cima do gelo para ir derretendo. Desta forma, estar\u00e1 a derreter o gelo sem aquec\u00ea-lo em demasia.<\/p>\n\n\n\n<p>Assista ao&nbsp;<a href=\"https:\/\/youtu.be\/7q2qd9LzyDI\">v\u00eddeo<\/a>&nbsp;que fizemos sobre este processo de tirar o gelo do vidro do carro \ud83d\udc47<\/p>\n\n\n\n<iframe width=\"560\" height=\"560\" src=\"https:\/\/www.youtube.com\/embed\/7q2qd9LzyDI\" title=\"YouTube video player\" frameborder=\"0\" allow=\"accelerometer; autoplay; clipboard-write; encrypted-media; gyroscope; picture-in-picture\" allowfullscreen=\"\"><\/iframe>\n","protected":false},"excerpt":{"rendered":"<p>As temperaturas t\u00eam baixado e os term\u00f3metros prometem ficar nos d\u00edgitos mais baixos (ou at\u00e9 mesmo negativos) durantes os pr\u00f3ximos dias, o que para quem deixa o seu melhor amigo de 4 rodas na rua, se traduz em chegar ao carro e ter de tirar o gelo do vidro.<br \/>\nContinue a ler para saber o que deve ou n\u00e3o fazer para remover o gelo do vidro do seu carro\ud83d\udc47<\/p>\n","protected":false},"author":5,"featured_media":72525,"comment_status":"closed","ping_status":"closed","sticky":false,"template":"","format":"standard","meta":{"footnotes":""},"categories":[982,991,1026],"tags":[],"_links":{"self":[{"href":"https:\/\/usados.amconfraria.com\/api\/wp\/v2\/posts\/72520"}],"collection":[{"href":"https:\/\/usados.amconfraria.com\/api\/wp\/v2\/posts"}],"about":[{"href":"https:\/\/usados.amconfraria.com\/api\/wp\/v2\/types\/post"}],"author":[{"embeddable":true,"href":"https:\/\/usados.amconfraria.com\/api\/wp\/v2\/users\/5"}],"replies":[{"embeddable":true,"href":"https:\/\/usados.amconfraria.com\/api\/wp\/v2\/comments?post=72520"}],"version-history":[{"count":1,"href":"https:\/\/usados.amconfraria.com\/api\/wp\/v2\/posts\/72520\/revisions"}],"predecessor-version":[{"id":73752,"href":"https:\/\/usados.amconfraria.com\/api\/wp\/v2\/posts\/72520\/revisions\/73752"}],"wp:featuredmedia":[{"embeddable":true,"href":"https:\/\/usados.amconfraria.com\/api\/wp\/v2\/media\/72525"}],"wp:attachment":[{"href":"https:\/\/usados.amconfraria.com\/api\/wp\/v2\/media?parent=72520"}],"wp:term":[{"taxonomy":"category","embeddable":true,"href":"https:\/\/usados.amconfraria.com\/api\/wp\/v2\/categories?post=72520"},{"taxonomy":"post_tag","embeddable":true,"href":"https:\/\/usados.amconfraria.com\/api\/wp\/v2\/tags?post=72520"}],"curies":[{"name":"wp","href":"https:\/\/api.w.org\/{rel}","templated":true}]}}